{"id":2322,"date":"2018-06-28T11:56:32","date_gmt":"2018-06-28T17:56:32","guid":{"rendered":"https:\/\/www.bullet.mx\/?p=2322"},"modified":"2026-04-27T08:49:05","modified_gmt":"2026-04-27T14:49:05","slug":"tratamiento-mucota","status":"publish","type":"post","link":"https:\/\/www.bullet.mx\/en\/blog\/2018\/06\/28\/tratamiento-mucota\/","title":{"rendered":"Tratamiento de Hidrataci\u00f3n y Reparaci\u00f3n Profunda Mucota"},"content":{"rendered":"<span class=\"cb-itemprop\" itemprop=\"reviewBody\"><p>Mucota\u00a0es una marca japonesa de productos premium para el cuidado del cabello famosa por sus tratamientos de\u00a0<strong>Sellado de Color<\/strong>, <strong>Reparaci\u00f3n<\/strong> y <strong>M\u00e1xima<\/strong> <strong>Reparaci\u00f3n<\/strong>.\u00a0Son aplicados exclusivamente en salones profesionales que han pasado por un proceso de certificaci\u00f3n.<\/p>\n<p>Sus tratamientos han sido dise\u00f1ados espec\u00edficamente para cabellos qu\u00edmicamente procesados que necesitan\u00a0hidrataci\u00f3n,\u00a0nutrici\u00f3n\u00a0y\u00a0reparaci\u00f3n\u00a0profunda. La reparaci\u00f3n del cabello con este tipo de da\u00f1os es posible gracias al ingrediente clave llamado\u00a0<strong>CMC<\/strong> (<strong>complejo<\/strong> <strong>de<\/strong> <strong>membrana<\/strong> <strong>celular<\/strong>).<\/p>\n<p>Los tratamientos se realizan con la l\u00ednea\u00a0<strong>Scena<\/strong>\u00a0compuesta por las etapas\u00a0<strong>Adele<\/strong>, <strong>Brava<\/strong>, <strong>Calore<\/strong>, <strong>Decor<\/strong> y <strong>Ethos<\/strong>\u00a0en un proceso de 45 min.<\/p>\n<p><strong>Adele<\/strong>\u00a0contiene 4 clases de\u00a0ceramides naturales, az\u00facares y colesterol\u00a0que recrean la estructura del l\u00edpido intercelular del cabello, estos agentes mejoran la funci\u00f3n de reparaci\u00f3n y crean una base hidratante para un \u00f3ptimo acondicionamiento.<\/p>\n<p><strong>Brava<\/strong>\u00a0es un rocio ligero que contiene 5 clases de elementos de reparaci\u00f3n para distintos da\u00f1os en el cabello. La\u00a0queratina matriz\u00a0y la\u00a0fibrilla de queratina\u00a0reparan los da\u00f1os m\u00e1s severos del cortex (capa mas robusta del cabello) y los amino\u00e1cidos y el\u00a0CMC\u00a0los da\u00f1os ligeros. Las prote\u00ednas de seda y perla reparan el cemento inter-celular encargado de dar cohesi\u00f3n a la cut\u00edcula.<\/p>\n<p><strong>Calore<\/strong>\u00a0contiene\u00a0ceramidas, colesterol\u00a0y\u00a018MEA\u00a0como parte del\u00a0CMC\u00a0que protege la cut\u00edcula y reacondiciona la capa\u00a0hidrof\u00f3bica,\u00a0hidrof\u00edlica (delta)\u00a0y\u00a0lipof\u00edlica (beta). Esto mejora el brillo del cabello.<\/p>\n<p><strong>Decor<\/strong>\u00a0es la \u00faltima etapa del tratamiento. Contiene\u00a0hematina,\u00a0miel,\u00a0CMC,\u00a0col\u00e1geno\u00a0y\u00a0prote\u00edna de seda\u00a0tama\u00f1o nano que suavizan el cabello. Esta mascarilla intensiva tambi\u00e9n est\u00e1 recomendada para uso en casa. Ayuda a mantener los efectos del tratamiento hecho en el sal\u00f3n.<\/p>\n<p><strong>Ethos<\/strong>\u00a0se aplica despu\u00e9s de el servicio de color, el SOD rompe el per\u00f3xido de hidr\u00f3geno y lo remueve para prevenir da\u00f1os. Tambi\u00e9n restablece el pH del cabello.<\/p>\n<p>Para mantener saludable el cabello da\u00f1ado por procesos qu\u00edmicos recomendamos realizar los tratamientos Mucota despu\u00e9s de los servicios de color o una vez cada 3-6 semanas, dependiendo de la condici\u00f3n del cabello.<\/p>\n<p>Adem\u00e1s es importante utilizar los productos de\u00a0Mucota Aire\u00a0para cuidado y mantenimiento en casa.<\/p>\n<p>Conoce toda la L\u00ednea de Mucota Aire Home Care en\u00a0<a title=\"Mucota\" href=\"https:\/\/t.umblr.com\/redirect?z=http%3A%2F%2Fwww.tiendacapilar.com%2Findex.php%2Ftienda%2Fmucota&amp;t=OTE2NzEzZGJlNTU0MGE2YTYyZWU3YmU1YTBjZWQwYjEyM2NkZWVhOSxUbU4zdWpESg%3D%3D&amp;p=\" target=\"_blank\" rel=\"noopener\">TIENDACAPILAR.com\/Mucota<\/a><\/p>\n<p><a href=\"https:\/\/reservas.bullet.mx\/v2\/#book\/location\/1\/category\/5\/count\/1\/\"><br \/>\nReserva una Cita Ahora<br \/>\n<\/a><\/p>\n<\/span>","protected":false},"excerpt":{"rendered":"<p>Mucota\u00a0es una marca japonesa de productos premium para el cuidado del cabello famosa por sus tratamientos de\u00a0Sellado de Color, Reparaci\u00f3n y M\u00e1xima Reparaci\u00f3n.\u00a0Son aplicados exclusivamente en salones profesionales que han pasado por un proceso de certificaci\u00f3n. Sus tratamientos han sido dise\u00f1ados espec\u00edficamente para cabellos qu\u00edmicamente procesados que necesitan\u00a0hidrataci\u00f3n,\u00a0nutrici\u00f3n\u00a0y\u00a0reparaci\u00f3n\u00a0profunda. La reparaci\u00f3n del cabello con este tipo [&hellip;]<\/p>","protected":false},"author":1,"featured_media":2324,"comment_status":"open","ping_status":"open","sticky":false,"template":"","format":"standard","meta":{"footnotes":""},"categories":[45],"tags":[],"yst_prominent_words":[109,1180,240,2258,268,1126,949,245],"class_list":{"0":"post-2322","1":"post","2":"type-post","3":"status-publish","4":"format-standard","5":"has-post-thumbnail","7":"category-blog"},"_links":{"self":[{"href":"https:\/\/www.bullet.mx\/en\/wp-json\/wp\/v2\/posts\/2322","targetHints":{"allow":["GET"]}}],"collection":[{"href":"https:\/\/www.bullet.mx\/en\/wp-json\/wp\/v2\/posts"}],"about":[{"href":"https:\/\/www.bullet.mx\/en\/wp-json\/wp\/v2\/types\/post"}],"author":[{"embeddable":true,"href":"https:\/\/www.bullet.mx\/en\/wp-json\/wp\/v2\/users\/1"}],"replies":[{"embeddable":true,"href":"https:\/\/www.bullet.mx\/en\/wp-json\/wp\/v2\/comments?post=2322"}],"version-history":[{"count":0,"href":"https:\/\/www.bullet.mx\/en\/wp-json\/wp\/v2\/posts\/2322\/revisions"}],"wp:featuredmedia":[{"embeddable":true,"href":"https:\/\/www.bullet.mx\/en\/wp-json\/wp\/v2\/media\/2324"}],"wp:attachment":[{"href":"https:\/\/www.bullet.mx\/en\/wp-json\/wp\/v2\/media?parent=2322"}],"wp:term":[{"taxonomy":"category","embeddable":true,"href":"https:\/\/www.bullet.mx\/en\/wp-json\/wp\/v2\/categories?post=2322"},{"taxonomy":"post_tag","embeddable":true,"href":"https:\/\/www.bullet.mx\/en\/wp-json\/wp\/v2\/tags?post=2322"},{"taxonomy":"yst_prominent_words","embeddable":true,"href":"https:\/\/www.bullet.mx\/en\/wp-json\/wp\/v2\/yst_prominent_words?post=2322"}],"curies":[{"name":"wp","href":"https:\/\/api.w.org\/{rel}","templated":true}]}}